{"id":4999,"date":"2023-03-29T13:31:00","date_gmt":"2023-03-29T13:31:00","guid":{"rendered":"https:\/\/vonsaten.net\/?p=4999"},"modified":"2023-04-01T09:12:55","modified_gmt":"2023-04-01T09:12:55","slug":"mi-okozza-a-fejfajast-a-fulek-mogott","status":"publish","type":"post","link":"https:\/\/vonsaten.net\/index.php\/2023\/03\/29\/mi-okozza-a-fejfajast-a-fulek-mogott\/","title":{"rendered":"Mi okozza a fejf\u00e1j\u00e1st a f\u00fclek m\u00f6g\u00f6tt?"},"content":{"rendered":"<h1> Mi okozza a fejf\u00e1j\u00e1st a f\u00fclek m\u00f6g\u00f6tt? <\/h1>\n<p> Olyan term\u00e9keket is tartalmazunk, amelyekr\u0151l \u00fagy gondoljuk, hogy hasznosak az olvas\u00f3ink sz\u00e1m\u00e1ra. Ha ezen az oldalon tal\u00e1lhat\u00f3 linkeken kereszt\u00fcl v\u00e1s\u00e1rol, akkor kis jutal\u00e9kot kereshet\u00fcnk. Itt van a folyamatunk. <\/p>\n<p> A f\u00fcl m\u00f6g\u00f6tt sz\u00e1mos fejf\u00e1j\u00e1s oka van. Megfelel\u0151 orvosi kezel\u00e9ssel ezek a fejf\u00e1j\u00e1sok enyh\u00edthet\u0151k. <\/p>\n<p> A f\u00fcl m\u00f6g\u00f6tt l\u00e9v\u0151 fejf\u00e1j\u00e1s minden olyan f\u00e1jdalomra utal, amely a fej adott ter\u00fclet\u00e9b\u0151l sz\u00e1rmazik. Noha maguk a fejf\u00e1j\u00e1s nagyon gyakori, a fejf\u00e1j\u00e1s, amely kiz\u00e1r\u00f3lag a f\u00fcl m\u00f6g\u00f6tt jelentkezik, meglehet\u0151sen szokatlan.<!--more--> <\/p>\n<p> Az ilyen t\u00edpus\u00fa fejf\u00e1j\u00e1sf\u00e1jdalomnak sz\u00e1mos oka lehet az idegk\u00e1rosod\u00e1st\u00f3l a fog\u00e1szati probl\u00e9m\u00e1kig. A f\u00fcl m\u00f6g\u00f6tt l\u00e9v\u0151 fejf\u00e1j\u00e1s oka meghat\u00e1rozza a t\u00fcneteket \u00e9s a kezel\u00e9st. <\/p>\n<p> Ez a cikk felt\u00e1rja a f\u00fcl m\u00f6g\u00f6tt l\u00e9v\u0151 fejf\u00e1j\u00e1s jeleit \u00e9s t\u00fcneteit, \u00e9s r\u00e9szletezi, hogy mi okozza \u0151ket. Azt is megvitatja, hogyan lehet kezelni \u0151ket a f\u00e1jdalom \u00e9s a kapcsol\u00f3d\u00f3 t\u00fcnetek enyh\u00edt\u00e9se \u00e9rdek\u00e9ben. <\/p>\n<h2 id=\"okok\"> okok <\/h2>\n<p> A f\u00fcl m\u00f6g\u00f6tt a fejf\u00e1j\u00e1snak sz\u00e1mos lehets\u00e9ges oka van. Ide tartoznak a k\u00f6vetkez\u0151k: <\/p>\n<h3 id=\"occipitalis neuralgia\"> occipitalis neuralgia <\/h3>\n<p> A f\u00fcl m\u00f6g\u00f6tt l\u00e9v\u0151 fejf\u00e1j\u00e1s egyik leggyakoribb oka egy olyan \u00e1llapot, amelyet Occipital Neuralgia -nak h\u00edvnak. <\/p>\n<p> occipitalis neuralgia akkor fordul el\u0151, amikor az okklit\u00e1lis idegek, vagy az idegek, amelyek a gerincvel\u0151 tetej\u00e9t\u0151l a fejb\u0151r\u00f6n kereszt\u00fcl futnak, megs\u00e9r\u00fclnek vagy gyulladnak. <\/p>\n<p> Az emberek gyakran t\u00e9vednek az \u00e9les f\u00e1jdalom a f\u00fcl m\u00f6g\u00f6tt, \u00e9s migr\u00e9n vagy hasonl\u00f3 t\u00edpus\u00fa fejf\u00e1j\u00e1s k\u00f6vetkezm\u00e9nyei, mivel a t\u00fcnetek hasonl\u00f3ak lehetnek. <\/p>\n<p> Azok az emberek, akik szenvednek az okklit\u00e1lis neuralgi\u00e1ban, a kr\u00f3nikus f\u00e1jdalmat piercingnek \u00e9s l\u00fcktet\u00e9snek \u00edrj\u00e1k le. Azt is le\u00edrj\u00e1k, hogy hasonl\u00f3an az \u00e9rz\u00e9shez, hogy a k\u00f6vetkez\u0151 helyeken \u00e1ram\u00fct\u00e9st kapnak: <\/p>\n<ul>\n<li> Fels\u0151 nyak <\/li>\n<li> A fej h\u00e1tulja <\/li>\n<li> M\u00f6g\u00f6tt A f\u00fclek <\/li>\n<\/ul>\n<p> occipitalis neuralgia az okklit\u00e1lis idegek nyom\u00e1sa vagy irrit\u00e1ci\u00f3ja eredm\u00e9nyek\u00e9nt t\u00f6rt\u00e9nik. \u00c1ltal\u00e1ban csak a fej egyik oldal\u00e1n jelenik meg. <\/p>\n<p> Bizonyos esetekben a nyom\u00e1s vagy az irrit\u00e1ci\u00f3 tal\u00e1n a gyullad\u00e1s, a t\u00fal szoros izmok vagy a s\u00e9r\u00fcl\u00e9s miatt. Az orvosok gyakran nem tal\u00e1lnak okot az okklit\u00e1lis neuralgia sz\u00e1m\u00e1ra. <\/p>\n<h3 id=\"mastoiditis\"> mastoiditis <\/h3>\n<p> A mastoiditis a mastoid csont fert\u0151z\u00e9se, amely k\u00f6zvetlen\u00fcl a f\u00fcl m\u00f6g\u00f6tt tal\u00e1lhat\u00f3. <\/p>\n<p> Ez a fert\u0151z\u00e9s sokkal gyakoribb a gyermekekn\u00e9l, mint a feln\u0151ttekn\u00e9l, \u00e9s \u00e1ltal\u00e1ban sz\u00f6v\u0151dm\u00e9nyek n\u00e9lk\u00fcl reag\u00e1l a kezel\u00e9sre. <\/p>\n<p> A mastoiditis fejf\u00e1j\u00e1st okoz a f\u00fcl m\u00f6g\u00f6tt, valamint a l\u00e1z, a f\u00fclb\u0151l val\u00f3 \u00fcr\u00edt\u00e9s, a f\u00e1radts\u00e1g \u00e9s a hall\u00e1sveszt\u00e9s az \u00e9rintett f\u00fclben. <\/p>\n<h3 id=\"tmj\"> tmj <\/h3>\n<p> A temporomandibularis \u00edz\u00fcletek (TMJ) az \u00e1llkapocs g\u00f6mb- \u00e9s aljzat -\u00edz\u00fcletei. Ezek az \u00edz\u00fcletek gyulladhatnak \u00e9s f\u00e1jdalmasak lehetnek. <\/p>\n<p> M\u00edg a legt\u00f6bb TMJ -gyullad\u00e1sban szenved\u0151 ember \u00e9rezte a f\u00e1jdalmat az \u00e1llkapocsban \u00e9s a f\u00fcl m\u00f6g\u00f6tt, m\u00e1sok csak fejf\u00e1j\u00e1st tapasztalhatnak a f\u00fcl m\u00f6g\u00f6tt. <\/p>\n<p> tmj okozhat\u00f3: <\/p>\n<ul>\n<li> Fogakcsiszol\u00e1s <\/li>\n<li> S\u00e9r\u00fcl\u00e9s <\/li>\n<li> JAW igaz\u00edt\u00e1s <\/li>\n<\/ul>\n<h2 id=\"t\u00fcnetek\"> t\u00fcnetek <\/h2>\n<p> A f\u00fcl m\u00f6g\u00f6tt l\u00e9v\u0151 fejf\u00e1j\u00e1s t\u00fcnetei az okokt\u00f3l f\u00fcgg\u0151en v\u00e1ltozhatnak. <\/p>\n<p> okklit\u00e1lis neuralgia intenz\u00edv f\u00e1jdalmat okozhat a fej \u00e9s\/vagy a fels\u0151 nyak h\u00e1tulj\u00e1n. Gyakran a nyakban kezd\u0151dhet, \u00e9s a fej h\u00e1tulj\u00e1ig tov\u00e1bb tud l\u00e9pni. Az epizodikus f\u00e1jdalom olyan, mint egy elektromos \u00fct\u00e9s a fej \u00e9s\/vagy a nyak h\u00e1tulj\u00e1hoz. <\/p>\n<p> A fert\u0151z\u00e9s, p\u00e9ld\u00e1ul a l\u00e1z vagy a f\u00e1radts\u00e1g jelei gyakran k\u00eds\u00e9rik a mastoiditist. <\/p>\n<p> A TMJ -t tapasztal\u00f3 emberek a f\u00fcl m\u00f6g\u00f6tt l\u00e9v\u0151 fejf\u00e1j\u00e1s mellett \u00e9rezhetik az \u00e1llkapocs szoross\u00e1g\u00e1t \u00e9s f\u00e1jdalm\u00e1t. <\/p>\n<p> Tov\u00e1bbi keto slim v\u00e9lem\u00e9ny <a href=\"https:\/\/harmoniqhealth.com\/hu\/keto-slim\/\">cikk<\/a> t\u00fcnetek, amelyeket a f\u00fcl m\u00f6g\u00f6tt \u00e1ll\u00f3 fejf\u00e1j\u00e1sban szenved\u0151 emberek tapasztalhatnak: <\/p>\n<ul>\n<li> A fej egyik vagy mindk\u00e9t oldal\u00e1n a f\u00e1jdalom <\/li>\n<li> \u00c9rz\u00e9kenys\u00e9g f\u00e9ny <\/li>\n<li> F\u00e1jdalom, \u00e9g\u0151 \u00e9s l\u00fcktet\u0151 f\u00e1jdalom <\/li>\n<li> F\u00e1jdalom a szem m\u00f6g\u00f6tt <\/li>\n<li> gyeng\u00e9d fejb\u0151r <\/ul>\n<h2 id=\"Diagn\u00f3zis\"> Diagn\u00f3zis <\/h2>\n<p> A f\u00fcl m\u00f6g\u00f6tt l\u00e9v\u0151 fejf\u00e1j\u00e1s f\u0151 okai gyakran \u00e1tfed\u00e9sben vannak. Alapvet\u0151 fontoss\u00e1g\u00fa a megfelel\u0151 diagn\u00f3zis megszerz\u00e9se, \u00edgy az \u00e1llapotot megfelel\u0151 m\u00f3don lehet kezelni. <\/p>\n<p> A diagn\u00f3zis c\u00e9lj\u00e1b\u00f3l az orvos k\u00e9rd\u00e9seket tesz fel a k\u00f3rt\u00f6rt\u00e9netr\u0151l sz\u00f3l\u00f3 szem\u00e9lyekr\u0151l. A legut\u00f3bbi fej-, nyaki vagy gerinc s\u00e9r\u00fcl\u00e9sekkel kapcsolatos inform\u00e1ci\u00f3kat be kell vonni. <\/p>\n<p> A k\u00e9rd\u00e9sek feltev\u00e9se ut\u00e1n az orvos val\u00f3sz\u00edn\u0171leg fizikai vizsg\u00e1latot v\u00e9gez. Ehhez az orvos hat\u00e1rozottan nyomja a koponya fej\u00e9t \u00e9s alapj\u00e1t, hogy megk\u00eds\u00e9relje a f\u00e1jdalmat \u00e9rint\u00e9ssel reproduk\u00e1lni. Ez a vizsg\u00e1lat ellen\u0151rzi az okklit\u00e1lis neuralgia -t, mivel ez a felt\u00e9tel a legt\u00f6bb esetben \u00e9rz\u00e9keny az \u00e9rint\u00e9sre. <\/p>\n<p> A diagn\u00f3zis n\u00e9h\u00e1ny tov\u00e1bbi l\u00e9p\u00e9se tartalmazhat egy l\u00f6v\u00e9st az ideg zsibbad\u00e1s\u00e1ra. Ha valaki megk\u00f6nnyebb\u00fcl\u00e9st tapasztal, akkor az okklit\u00e1lis neuralgia val\u00f3sz\u00edn\u0171leg a f\u00e1jdalom oka. <\/p>\n<p> T\u00f6bb atipikus esetben az orvos elrendelhet egy MRI -t vagy v\u00e9rvizsg\u00e1latot a f\u00e1jdalom tov\u00e1bbi okainak tov\u00e1bbi meger\u0151s\u00edt\u00e9s\u00e9re vagy kiz\u00e1r\u00e1s\u00e1ra. <\/p>\n<p> Ha az okklit\u00e1lis neuralgi\u00e1t kiz\u00e1rj\u00e1k a kezdeti l\u00e1togat\u00e1s esetleges f\u00e1jdalm\u00e1nak okak\u00e9nt, akkor az orvos val\u00f3sz\u00edn\u0171leg ellen\u0151rizni fogja a mastoiditis jeleit, bele\u00e9rtve a l\u00e1zot \u00e9s a f\u00fclb\u0151l t\u00f6rt\u00e9n\u0151 kis\u00fcl\u00e9st. <\/p>\n<p> Tov\u00e1bbi diagnosztiz\u00e1l\u00e1shoz az orvos megvizsg\u00e1lhatja az \u00e1llkapocsot, vagy javasolhatja a fogorvos l\u00e1togat\u00e1s\u00e1t, hogy ellen\u0151rizze a TMJ -t. <\/p>\n<h2 id=\"Otthoni kezel\u00e9sek\"> Otthoni kezel\u00e9sek <\/h2>\n<p> A f\u00e1jdalom kezel\u00e9se a f\u00fcl m\u00f6g\u00f6tti fejf\u00e1j\u00e1s kezel\u00e9s\u00e9nek els\u0151dleges m\u00f3dszere, kiv\u00e9ve, ha a kiv\u00e1lt\u00f3 okot meg lehet hat\u00e1rozni. <\/p>\n<p> Vannak otthoni kezel\u00e9si lehet\u0151s\u00e9gek az emberek sz\u00e1m\u00e1ra, hogy az orvos gondoz\u00e1sa el\u0151tt vagy azon k\u00edv\u00fcl kipr\u00f3b\u00e1lhass\u00e1k. <\/p>\n<p> N\u00e9h\u00e1ny otthoni kezel\u00e9s a k\u00f6vetkez\u0151k: <\/p>\n<ul>\n<li> Nyugodjon meg egy csendes helyis\u00e9gben <\/li>\n<li> Vigy\u00e9k n\u00e9lk\u00fcli gyullad\u00e1sg\u00e1tl\u00f3 gy\u00f3gyszerek, p\u00e9ld\u00e1ul ibuprofen, amely, amely szint\u00e9n el\u00e9rhet\u0151 online v\u00e1s\u00e1rl\u00e1shoz. <\/li>\n<li> A nyaki izmok massz\u00e1zsa <\/li>\n<li> H\u0151 a nyak h\u00e1tulj\u00e1ra. A h\u0151csomagok online v\u00e1s\u00e1rolhat\u00f3k. <\/li>\n<li> Cs\u00f6kkentse a stresszt <\/li>\n<li> A fogak csiszol\u00e1sa <\/li>\n<\/ul>\n<p> Mint minden kezel\u00e9si lehet\u0151s\u00e9gn\u00e9l, a gy\u00f3gyszerek hozz\u00e1ad\u00e1sa el\u0151tt meg kell konzult\u00e1lni az orvoshoz. <\/p>\n<h2 id=\"A f\u00fcl m\u00f6g\u00f6tt l\u00e9v\u0151 fejf\u00e1j\u00e1s kezel\u00e9se\"> A f\u00fcl m\u00f6g\u00f6tt l\u00e9v\u0151 fejf\u00e1j\u00e1s kezel\u00e9se <\/h2>\n<p> Amikor orvos gondoz\u00e1sa alatt van, valakinek a f\u00fcl m\u00f6g\u00f6tti fejf\u00e1j\u00e1s kezel\u00e9si terve lesz, amely mag\u00e1ban foglalja a f\u00e1jdalom kezel\u00e9s\u00e9t \u00e9s a f\u00e1jdalom alapj\u00e1ul szolg\u00e1l\u00f3 okok kezel\u00e9s\u00e9t &#8211; <\/p>\n<p> A f\u00fcl m\u00f6g\u00f6tt l\u00e9v\u0151 fejf\u00e1j\u00e1s pontos ok\u00e1t\u00f3l f\u00fcgg\u0151en az orvos gy\u00f3gyszereket \u00edrhat fel, bele\u00e9rtve: <\/p>\n<ul>\n<li> v\u00e9nyk\u00f6teles izomlaz\u00edt\u00f3szereket <\/li>\n<li> Idegblokkok \u00e9s szteroidok Felv\u00e9telek <\/li>\n<li> Fizikoter\u00e1pia <\/li>\n<li> antiszizeiz\u00e1ci\u00f3s gy\u00f3gyszerek, mint p\u00e9ld\u00e1ul a karbamazepin \u00e9s a gabapentin <\/li>\n<li> Antibiotikumok, ha a mastoiditis gyan\u00faja van <\/li>\n<li> A TMJ \u00e9jszakai gard\u00e1ja. &#8211; Ezeket online lehet megv\u00e1s\u00e1rolni, b\u00e1r a fogorvos konzult\u00e1ci\u00f3ja aj\u00e1nlott. <\/li>\n<\/ul>\n<p> Az idegblokkok \u00e9s a szteroid felv\u00e9telek gyakran ideiglenesek, \u00e9s sz\u00fcks\u00e9g\u00fck van az orvos \u00fajb\u00f3li megism\u00e9tl\u00e9s\u00e9re. Ezenk\u00edv\u00fcl sz\u00fcks\u00e9g lehet t\u00f6bb l\u00f6v\u00e9st beadni, miel\u0151tt a f\u00e1jdalom kezelhet\u0151. <\/p>\n<p> ritka esetekben m\u0171veletre lehet sz\u00fcks\u00e9g. \u00c1ltal\u00e1ban a m\u0171veleteket akkor haszn\u00e1lj\u00e1k, ha a f\u00e1jdalom nem javul m\u00e1s kezel\u00e9sekkel, vagy tov\u00e1bbra is ism\u00e9tl\u0151dik. <\/p>\n<p> A m\u0171veletek magukban foglalhatj\u00e1k: <\/p>\n<ul>\n<li> Mikrovaszkul\u00e1ris dekompresszi\u00f3: Ez az elj\u00e1r\u00e1s mag\u00e1ban foglalja az orvosok megtal\u00e1l\u00e1s\u00e1t \u00e9s \u00e1thelyez\u00e9s\u00e9t az idegeket t\u00f6m\u00f6r\u00edt\u0151 erekr\u0151l. <\/li>\n<li> OCCIPITAL idegstimul\u00e1ci\u00f3: A neurostimul\u00e1tor t\u00f6bb elektromos impulzust sz\u00e1ll\u00edt az okklit\u00e1lis idegekhez. Ebben az esetben az elektromos impulzusok seg\u00edthetnek blokkolni a f\u00e1jdalom \u00fczeneteit az agynak. <\/li>\n<\/ul>\n<p> Nem sz\u00e1m\u00edt a kezel\u00e9sekr\u0151l, fontos, hogy \u00e1tadjuk az orvosnak, hogy hat\u00e9konyak -e vagy sem. <\/p>\n<p> Bizonyos esetekben a folyamatos f\u00e1jdalom azt jelezheti, hogy egy m\u00e1sik \u00e1llapot eredm\u00e9nye, amelyet m\u00e1sk\u00e9pp kell kezelni. <\/p>\n<h2 id=\"Outlook\"> Outlook <\/h2>\n<p> \u00c1ltal\u00e1ban a f\u00fcl m\u00f6g\u00f6tt l\u00e9v\u0151 fejf\u00e1j\u00e1s nem \u00e9letvesz\u00e9lyes \u00e1llapot eredm\u00e9nye. <\/p>\n<p> Sok esetben az emberek f\u00e1jdalomcsillap\u00edt\u00e1st tapasztalnak, amikor az el\u0151\u00edrt vagy ir\u00e1ny\u00edtott gy\u00f3gyszereket pihennek \u00e9s gy\u00f3gyszert szednek. <\/p>\n<p> A legt\u00f6bb esetben a f\u00fcl m\u00f6g\u00f6tt l\u00e9v\u0151 fejf\u00e1j\u00e1snak teljes vagy szinte teljes t\u00fcnet enyh\u00edt\u00e9st kell l\u00e1tnia a megfelel\u0151 diagn\u00f3zissal \u00e9s kezel\u00e9ssel. <\/p>\n<p> Olvassa el ezt a cikket spanyolul. <\/p>\n<ul>\n<li> Fejf\u00e1j\u00e1s\/migr\u00e9n <\/li>\n<li> F\u00e1jdalom\/\u00e9rz\u00e9stelen\u00edt\u00e9s <\/li>\n<\/ul>\n<p> Az orvosi h\u00edrek manaps\u00e1g szigor\u00fa beszerz\u00e9si ir\u00e1nymutat\u00e1sokkal rendelkeznek, \u00e9s csak a szak\u00e9rt\u0151i \u00e1ttekintett tanulm\u00e1nyokb\u00f3l, az akad\u00e9miai kutat\u00f3int\u00e9zetekb\u0151l sz\u00e1rmaznak , \u00e9s orvosi foly\u00f3iratok \u00e9s t\u00e1rsul\u00e1sok. Ker\u00fclj\u00fck a tercier referenci\u00e1k haszn\u00e1lat\u00e1t. \u00d6sszekapcsoljuk az els\u0151dleges forr\u00e1sokat &#8211; bele\u00e9rtve a tanulm\u00e1nyokat, a tudom\u00e1nyos referenci\u00e1kat \u00e9s a statisztik\u00e1kat &#8211; az egyes cikkekben, \u00e9s felsoroljuk azokat a cikkek alj\u00e1n tal\u00e1lhat\u00f3 forr\u00e1sok szakaszban is. T\u00f6bbet megtudhat arr\u00f3l, hogyan biztos\u00edtjuk, hogy tartalmunk pontos \u00e9s aktu\u00e1lis legyen a <\/p>\n<p><!--&gt; szerkeszt\u0151i politika elolvas\u00e1s\u00e1val.\n\n<h3>Contents<\/h3>\n\n\n\n<ul>\t\n\n<li><a href=\"#okok\">okok<\/a>\n\n<ul>\t\n\n<li><a href=\"#occipitalis neuralgia\">occipitalis neuralgia<\/a><\/li>\n\n\t\n\n<li><a href=\"#mastoiditis\">mastoiditis<\/a><\/li>\n\n\t\n\n<li><a href=\"#tmj\">tmj<\/a><\/li>\n\n<\/ul>\n\n<\/li>\n\n\t\n\n<li><a href=\"#t\u00fcnetek\">t\u00fcnetek<\/a><\/li>\n\n\t\n\n<li><a href=\"#Diagn\u00f3zis\">Diagn\u00f3zis<\/a><\/li>\n\n\t\n\n<li><a href=\"#Otthoni kezel\u00e9sek\">Otthoni kezel\u00e9sek<\/a><\/li>\n\n\t\n\n<li><a href=\"#A f\u00fcl m\u00f6g\u00f6tt l\u00e9v\u0151 fejf\u00e1j\u00e1s kezel\u00e9se\">A f\u00fcl m\u00f6g\u00f6tt l\u00e9v\u0151 fejf\u00e1j\u00e1s kezel\u00e9se<\/a><\/li>\n\n\t\n\n<li><a href=\"#Outlook\">Outlook<\/a><\/li>\n\n<\/ul>\n\n--><\/p>\n","protected":false},"excerpt":{"rendered":"<p>Mi okozza a fejf\u00e1j\u00e1st a f\u00fclek m\u00f6g\u00f6tt? Olyan term\u00e9keket is tartalmazunk, amelyekr\u0151l \u00fagy gondoljuk, hogy hasznosak az olvas\u00f3ink sz\u00e1m\u00e1ra. Ha ezen az oldalon tal\u00e1lhat\u00f3 linkeken kereszt\u00fcl v\u00e1s\u00e1rol, akkor kis jutal\u00e9kot kereshet\u00fcnk. Itt van a folyamatunk. A f\u00fcl m\u00f6g\u00f6tt sz\u00e1mos fejf\u00e1j\u00e1s oka van. Megfelel\u0151 orvosi kezel\u00e9ssel ezek a fejf\u00e1j\u00e1sok enyh\u00edthet\u0151k. A f\u00fcl m\u00f6g\u00f6tt l\u00e9v\u0151 fejf\u00e1j\u00e1s minden<a class=\"more-link\" href=\"https:\/\/vonsaten.net\/index.php\/2023\/03\/29\/mi-okozza-a-fejfajast-a-fulek-mogott\/\">Continue reading <span class=\"screen-reader-text\">&#8220;Mi okozza a fejf\u00e1j\u00e1st a f\u00fclek m\u00f6g\u00f6tt?&#8221;<\/span><\/a><\/p>\n","protected":false},"author":2,"featured_media":0,"comment_status":"closed","ping_status":"open","sticky":false,"template":"","format":"standard","meta":[],"categories":[1],"tags":[],"_links":{"self":[{"href":"https:\/\/vonsaten.net\/index.php\/wp-json\/wp\/v2\/posts\/4999"}],"collection":[{"href":"https:\/\/vonsaten.net\/index.php\/wp-json\/wp\/v2\/posts"}],"about":[{"href":"https:\/\/vonsaten.net\/index.php\/wp-json\/wp\/v2\/types\/post"}],"author":[{"embeddable":true,"href":"https:\/\/vonsaten.net\/index.php\/wp-json\/wp\/v2\/users\/2"}],"replies":[{"embeddable":true,"href":"https:\/\/vonsaten.net\/index.php\/wp-json\/wp\/v2\/comments?post=4999"}],"version-history":[{"count":1,"href":"https:\/\/vonsaten.net\/index.php\/wp-json\/wp\/v2\/posts\/4999\/revisions"}],"predecessor-version":[{"id":5000,"href":"https:\/\/vonsaten.net\/index.php\/wp-json\/wp\/v2\/posts\/4999\/revisions\/5000"}],"wp:attachment":[{"href":"https:\/\/vonsaten.net\/index.php\/wp-json\/wp\/v2\/media?parent=4999"}],"wp:term":[{"taxonomy":"category","embeddable":true,"href":"https:\/\/vonsaten.net\/index.php\/wp-json\/wp\/v2\/categories?post=4999"},{"taxonomy":"post_tag","embeddable":true,"href":"https:\/\/vonsaten.net\/index.php\/wp-json\/wp\/v2\/tags?post=4999"}],"curies":[{"name":"wp","href":"https:\/\/api.w.org\/{rel}","templated":true}]}}